{"id":10532,"date":"2023-11-08T10:45:12","date_gmt":"2023-11-08T09:45:12","guid":{"rendered":"https:\/\/www.arber.de\/bistro-am-arberseehaus-im-november-geoeffnet\/"},"modified":"2023-11-08T10:45:12","modified_gmt":"2023-11-08T09:45:12","slug":"bistro-am-arberseehaus-im-november-geoeffnet","status":"publish","type":"post","link":"https:\/\/www.arber.de\/nl\/bistro-am-arberseehaus-im-november-geoeffnet\/","title":{"rendered":"Bistro am Arberseehaus im November ge\u00f6ffnet"},"content":{"rendered":"<p>\ud83c\udf42 Genie\u00dft die herbstliche Atmosph\u00e4re am Arbersee im November! \ud83c\udf41 Das Bistro im Arberseehaus hat f\u00fcr euch ge\u00f6ffnet.<\/p>\n<p>\ud83d\udd59 \u00d6ffnungszeiten im November: T\u00e4glich von 10:00 bis 16:00 Uhr<\/p>\n<p>Wir verw\u00f6hnen euch mit: \u2615 Warmen Getr\u00e4nken, perfekt f\u00fcr die kalten Tage \u2744\ufe0f Erfrischenden kalten Getr\u00e4nken \ud83c\udf7d\ufe0f Leckeren kleinen Speisen<\/p>\n<p>Kommt vorbei, entspannt euch und genie\u00dft die wundersch\u00f6ne Umgebung des Arbersees. Wir freuen uns auf euren Besuch!<\/p>\n","protected":false},"excerpt":{"rendered":"<p>\ud83c\udf42 Genie\u00dft die herbstliche Atmosph\u00e4re am Arbersee im November! \ud83c\udf41 Das Bistro im Arberseehaus hat f\u00fcr euch ge\u00f6ffnet. \ud83d\udd59 \u00d6ffnungszeiten im November: T\u00e4glich von 10:00 bis 16:00 Uhr Wir verw\u00f6hnen euch mit: \u2615 Warmen Getr\u00e4nken, perfekt f\u00fcr die kalten Tage \u2744\ufe0f Erfrischenden kalten Getr\u00e4nken \ud83c\udf7d\ufe0f Leckeren kleinen Speisen Kommt vorbei, entspannt euch und genie\u00dft die [&hellip;]<\/p>\n","protected":false},"author":3,"featured_media":7137,"comment_status":"closed","ping_status":"open","sticky":false,"template":"","format":"standard","meta":{"inline_featured_image":false,"footnotes":""},"categories":[46],"tags":[],"class_list":["post-10532","post","type-post","status-publish","format-standard","has-post-thumbnail","hentry","category-neuigkeiten-nl"],"_links":{"self":[{"href":"https:\/\/www.arber.de\/nl\/wp-json\/wp\/v2\/posts\/10532","targetHints":{"allow":["GET"]}}],"collection":[{"href":"https:\/\/www.arber.de\/nl\/wp-json\/wp\/v2\/posts"}],"about":[{"href":"https:\/\/www.arber.de\/nl\/wp-json\/wp\/v2\/types\/post"}],"author":[{"embeddable":true,"href":"https:\/\/www.arber.de\/nl\/wp-json\/wp\/v2\/users\/3"}],"replies":[{"embeddable":true,"href":"https:\/\/www.arber.de\/nl\/wp-json\/wp\/v2\/comments?post=10532"}],"version-history":[{"count":0,"href":"https:\/\/www.arber.de\/nl\/wp-json\/wp\/v2\/posts\/10532\/revisions"}],"wp:featuredmedia":[{"embeddable":true,"href":"https:\/\/www.arber.de\/nl\/wp-json\/wp\/v2\/media\/7137"}],"wp:attachment":[{"href":"https:\/\/www.arber.de\/nl\/wp-json\/wp\/v2\/media?parent=10532"}],"wp:term":[{"taxonomy":"category","embeddable":true,"href":"https:\/\/www.arber.de\/nl\/wp-json\/wp\/v2\/categories?post=10532"},{"taxonomy":"post_tag","embeddable":true,"href":"https:\/\/www.arber.de\/nl\/wp-json\/wp\/v2\/tags?post=10532"}],"curies":[{"name":"wp","href":"https:\/\/api.w.org\/{rel}","templated":true}]}}