{"id":10551,"date":"2023-10-24T11:13:52","date_gmt":"2023-10-24T09:13:52","guid":{"rendered":"https:\/\/www.arber.de\/oeffnungszeiten-im-november\/"},"modified":"2023-11-29T11:55:09","modified_gmt":"2023-11-29T10:55:09","slug":"oeffnungszeiten-im-november","status":"publish","type":"post","link":"https:\/\/www.arber.de\/en\/oeffnungszeiten-im-november\/","title":{"rendered":"\u00d6ffnungszeiten im November"},"content":{"rendered":"<p>wir m\u00f6chten euch dar\u00fcber informieren, dass die Gondelbahn am Gro\u00dfen Arber bis zum 05. November noch t\u00e4glich ge\u00f6ffnet ist und ab dem 06. November aufgrund von Revisionsarbeiten spezielle \u00d6ffnungszeiten hat.<br \/>\nDie Revisionszeit beginnt ab dem 6. November 2023, und w\u00e4hrend dieser Zeit habt ihr noch die Gelegenheit, die atemberaubende Sch\u00f6nheit des Gro\u00dfen Arbers am Wochenende mit unserer Gondelbahn zu erleben.<\/p>\n<p>Die \u00d6ffnungszeiten der Gondelbahn bis zur Revisionszeit sind wie folgt:<\/p>\n<ul>\n<li>bis 05. November &#8211; T\u00e4glich von 09:00 Uhr bis 16:30 Uhr<\/li>\n<\/ul>\n<p>W\u00e4hrend der Revisionszeiten wird an den folgenden Wochenenden im November die Gondelbahn ge\u00f6ffnet:<\/p>\n<ul>\n<li>\n<ol start=\"11\">\n<li>\/ 12. November von 09:00 Uhr bis 16:00 Uhr<\/li>\n<\/ol>\n<\/li>\n<li>\n<ol start=\"18\">\n<li>\/ 19. November von 09:00 Uhr bis 16:00 Uhr<\/li>\n<\/ol>\n<\/li>\n<li>\n<ol start=\"25\">\n<li>\/ 26. November von 09:00 Uhr bis 16:00 Uhr<\/li>\n<\/ol>\n<\/li>\n<\/ul>\n<p>Diese besonderen \u00d6ffnungszeiten erm\u00f6glichen es euch, auch w\u00e4hrend der Revisionsarbeiten den Gro\u00dfen Arbers zu erkunden.<\/p>\n<p>W\u00e4hrend dieser \u00d6ffnungszeiten ist auch eine Bergh\u00fctte (Arberschutzhaus oder Eisensteiner H\u00fctte) ge\u00f6ffnet!<\/p>\n","protected":false},"excerpt":{"rendered":"<p>wir m\u00f6chten euch dar\u00fcber informieren, dass die Gondelbahn am Gro\u00dfen Arber bis zum 05. November noch t\u00e4glich ge\u00f6ffnet ist und ab dem 06. November aufgrund von Revisionsarbeiten spezielle \u00d6ffnungszeiten hat. Die Revisionszeit beginnt ab dem 6. November 2023, und w\u00e4hrend dieser Zeit habt ihr noch die Gelegenheit, die atemberaubende Sch\u00f6nheit des Gro\u00dfen Arbers am Wochenende [&hellip;]<\/p>\n","protected":false},"author":3,"featured_media":10269,"comment_status":"closed","ping_status":"open","sticky":false,"template":"","format":"standard","meta":{"inline_featured_image":false,"footnotes":""},"categories":[45],"tags":[],"class_list":["post-10551","post","type-post","status-publish","format-standard","has-post-thumbnail","hentry","category-neuigkeiten-en"],"_links":{"self":[{"href":"https:\/\/www.arber.de\/en\/wp-json\/wp\/v2\/posts\/10551","targetHints":{"allow":["GET"]}}],"collection":[{"href":"https:\/\/www.arber.de\/en\/wp-json\/wp\/v2\/posts"}],"about":[{"href":"https:\/\/www.arber.de\/en\/wp-json\/wp\/v2\/types\/post"}],"author":[{"embeddable":true,"href":"https:\/\/www.arber.de\/en\/wp-json\/wp\/v2\/users\/3"}],"replies":[{"embeddable":true,"href":"https:\/\/www.arber.de\/en\/wp-json\/wp\/v2\/comments?post=10551"}],"version-history":[{"count":1,"href":"https:\/\/www.arber.de\/en\/wp-json\/wp\/v2\/posts\/10551\/revisions"}],"predecessor-version":[{"id":10731,"href":"https:\/\/www.arber.de\/en\/wp-json\/wp\/v2\/posts\/10551\/revisions\/10731"}],"wp:featuredmedia":[{"embeddable":true,"href":"https:\/\/www.arber.de\/en\/wp-json\/wp\/v2\/media\/10269"}],"wp:attachment":[{"href":"https:\/\/www.arber.de\/en\/wp-json\/wp\/v2\/media?parent=10551"}],"wp:term":[{"taxonomy":"category","embeddable":true,"href":"https:\/\/www.arber.de\/en\/wp-json\/wp\/v2\/categories?post=10551"},{"taxonomy":"post_tag","embeddable":true,"href":"https:\/\/www.arber.de\/en\/wp-json\/wp\/v2\/tags?post=10551"}],"curies":[{"name":"wp","href":"https:\/\/api.w.org\/{rel}","templated":true}]}}